{"id":226681,"date":"2024-04-04T11:06:24","date_gmt":"2024-04-04T09:06:24","guid":{"rendered":"https:\/\/www.mediacentercube.it\/?p=226681"},"modified":"2024-04-04T11:08:01","modified_gmt":"2024-04-04T09:08:01","slug":"whistleblowing-segnalazione-di-illeciti-2","status":"publish","type":"post","link":"https:\/\/www.mediacentercube.it\/index.php\/whistleblowing-segnalazione-di-illeciti-2\/","title":{"rendered":"Finanziamento a fondo perduto per la formazione nelle PMI"},"content":{"rendered":"<p>[et_pb_section fb_built=&#8221;1&#8243; _builder_version=&#8221;4.16&#8243; custom_padding=&#8221;||19px|||&#8221; global_colors_info=&#8221;{}&#8221;][et_pb_row _builder_version=&#8221;4.16&#8243; background_size=&#8221;initial&#8221; background_position=&#8221;top_left&#8221; background_repeat=&#8221;repeat&#8221; global_colors_info=&#8221;{}&#8221;][et_pb_column type=&#8221;4_4&#8243; _builder_version=&#8221;4.16&#8243; custom_padding=&#8221;|||&#8221; global_colors_info=&#8221;{}&#8221; custom_padding__hover=&#8221;|||&#8221;][et_pb_text _builder_version=&#8221;4.24.2&#8243; text_font=&#8221;||||||||&#8221; hover_enabled=&#8221;0&#8243; global_colors_info=&#8221;{}&#8221; sticky_enabled=&#8221;0&#8243;]<\/p>\n<p style=\"text-align: justify;\">Con il recente avviso 2\/2024 <strong>Fondimpresa<\/strong> ha stanziato 10 milioni di euro per la realizzazione di <strong>Piani Formativi Aziendali o Interaziendali Condivisi<\/strong> e rivolti ai lavoratori delle <strong>PMI aderenti<\/strong>, finalizzati allo sviluppo delle competenze.<\/p>\n<p style=\"text-align: justify;\"><strong>L\u2019azienda potr\u00e0 procedere all\u2019attivazione del Piano Formativo a partire dal 16 aprile 2024<\/strong>; la presentazione delle domande sar\u00e0 consentita <strong>dalle ore 9:00 dell\u20198 maggio 2024 fino alle ore 13:00 del 9 luglio 2024<\/strong>.<\/p>\n<p>[\/et_pb_text][et_pb_text _builder_version=&#8221;4.24.2&#8243; text_font=&#8221;||||||||&#8221; hover_enabled=&#8221;0&#8243; global_colors_info=&#8221;{}&#8221; sticky_enabled=&#8221;0&#8243;]<\/p>\n<p style=\"text-align: justify;\">Il <strong>contributo<\/strong> aggiuntivo \u00e8 <strong>concesso<\/strong> ai piani presentati sul &#8220;Conto Formazione&#8221; <strong>per un importo compreso tra 1.500,00 e 10.000,00 euro per azienda<\/strong>, nel rispetto dell\u2019intensit\u00e0 massima consentita in base al regime di aiuti applicato e sulla base del maturando iniziale dell\u2019anno in corso su tutte le matricole del Conto Formazione Aziendale.<\/p>\n<p>[\/et_pb_text][et_pb_text _builder_version=&#8221;4.24.2&#8243; text_font=&#8221;||||||||&#8221; custom_margin=&#8221;||8px|||&#8221; hover_enabled=&#8221;0&#8243; global_colors_info=&#8221;{}&#8221; sticky_enabled=&#8221;0&#8243;]<\/p>\n<p style=\"text-align: justify;\"><strong>In caso di piano Interaziendale<\/strong> tali soglie valgono per singola impresa partecipante, secondo le modalit\u00e0 e le condizioni previste dall&#8217;Avviso. <strong>Il finanziamento massimo ammissibile<\/strong>, risultante dalla somma del contributo aggiuntivo nei limiti dell\u2019intensit\u00e0 massima prevista per azienda beneficiaria e la totalit\u00e0 delle risorse accantonate sul Conto Formazione, n<strong>on pu\u00f2 superare l\u2019importo complessivo di 40.000 euro<\/strong>.<\/p>\n<p>[\/et_pb_text][et_pb_text _builder_version=&#8221;4.24.2&#8243; text_font=&#8221;||||||||&#8221; hover_enabled=&#8221;0&#8243; global_colors_info=&#8221;{}&#8221; sticky_enabled=&#8221;0&#8243;]<\/p>\n<p style=\"text-align: justify;\"><strong>La formazione<\/strong> da erogare deve essere progettata per conoscenze e competenze in coerenza con l\u2019impianto logico e metodologico ai sensi e per gli effetti del <strong>decreto legislativo 16 gennaio 2013, n. 13<\/strong>. Fanno eccezione unicamente le azioni formative per conformarsi alla normativa nazionale obbligatoria, le cui attestazioni sono quelle previste ex lege, e altre tipologie di certificazione di competenze e\/o profili professionali aventi validit\u00e0 normativa e\/o di mercato.<\/p>\n<p>[\/et_pb_text][et_pb_text _builder_version=&#8221;4.24.2&#8243; text_font=&#8221;||||||||&#8221; hover_enabled=&#8221;0&#8243; global_colors_info=&#8221;{}&#8221; sticky_enabled=&#8221;0&#8243;]<\/p>\n<p style=\"text-align: justify;\"><strong>Possono beneficiare<\/strong> di tale contributo esclusivamente <strong>le PMI in possesso dei requisiti dell&#8217;Avviso<\/strong> che non hanno presentato alcun Piano a valere sull\u2019 Avviso 5\/2022 di Fondimpresa, fatto salvo il caso in cui il Piano sia stato annullato o respinto.<\/p>\n<p>[\/et_pb_text][\/et_pb_column][\/et_pb_row][et_pb_row _builder_version=&#8221;4.16&#8243; global_colors_info=&#8221;{}&#8221;][et_pb_column type=&#8221;4_4&#8243; _builder_version=&#8221;4.16&#8243; global_colors_info=&#8221;{}&#8221;][et_pb_blurb title=&#8221;testo integrale dell&#8217;avviso&#8221; _builder_version=&#8221;4.24.2&#8243; _module_preset=&#8221;default&#8221; use_icon=&#8221;on&#8221; font_icon=&#8221;&#xf1c1;||fa||400&#8243; icon_placement=&#8221;left&#8221; url=&#8221;testo integrale dell&#8217;avviso&#8221; url_new_window=&#8221;on&#8221; link_option_url=&#8221;testo integrale dell&#8217;avviso&#8221; link_option_url_new_window=&#8221;on&#8221; header_font=&#8221;Aboreto|700||on|||||&#8221; header_text_align=&#8221;center&#8221; header_text_color=&#8221;#0c71c3&#8243; header_font_size=&#8221;23px&#8221; icon_color=&#8221;#e02b20&#8243; box_shadow_style=&#8221;preset1&#8243; custom_padding=&#8221;25px||25px||true|false&#8221; hover_enabled=&#8221;0&#8243; sticky_enabled=&#8221;0&#8243;][\/et_pb_blurb][\/et_pb_column][\/et_pb_row][\/et_pb_section][et_pb_section fb_built=&#8221;1&#8243; _builder_version=&#8221;4.16&#8243; locked=&#8221;off&#8221; global_colors_info=&#8221;{}&#8221;][et_pb_row _builder_version=&#8221;4.16&#8243; global_colors_info=&#8221;{}&#8221;][et_pb_column type=&#8221;4_4&#8243; _builder_version=&#8221;4.16&#8243; custom_padding=&#8221;|||&#8221; global_colors_info=&#8221;{}&#8221; custom_padding__hover=&#8221;|||&#8221;][et_pb_text _builder_version=&#8221;4.16&#8243; text_font=&#8221;|700||on|||||&#8221; text_text_color=&#8221;#727272&#8243; text_font_size=&#8221;20px&#8221; background_size=&#8221;initial&#8221; background_position=&#8221;top_left&#8221; background_repeat=&#8221;repeat&#8221; text_font_size_tablet=&#8221;18px&#8221; text_font_size_phone=&#8221;&#8221; text_font_size_last_edited=&#8221;on|phone&#8221; use_border_color=&#8221;off&#8221; border_color=&#8221;#ffffff&#8221; border_style=&#8221;solid&#8221; global_colors_info=&#8221;{}&#8221;]<\/p>\n<p style=\"text-align: center;\"><strong>Sappiamo interpretare i<\/strong> <strong>tuoi bisogni e tradurli in soluzioni<\/strong><\/p>\n<p>[\/et_pb_text][\/et_pb_column][\/et_pb_row][\/et_pb_section][et_pb_section fb_built=&#8221;1&#8243; custom_padding_last_edited=&#8221;on|desktop&#8221; disabled_on=&#8221;off|off|off&#8221; _builder_version=&#8221;3.28&#8243; background_color=&#8221;#727272&#8243; background_enable_image=&#8221;off&#8221; custom_padding=&#8221;50.5156px|0px|28px|0px|false|false&#8221; custom_padding_tablet=&#8221;50px|0|50px|0&#8243; custom_padding_phone=&#8221;&#8221; padding_mobile=&#8221;off&#8221; global_module=&#8221;46541&#8243; global_colors_info=&#8221;{}&#8221;][et_pb_row column_structure=&#8221;1_2,1_2&#8243; disabled_on=&#8221;off|off|off&#8221; _builder_version=&#8221;4.16&#8243; background_size=&#8221;initial&#8221; background_position=&#8221;top_left&#8221; background_repeat=&#8221;repeat&#8221; global_colors_info=&#8221;{}&#8221;][et_pb_column type=&#8221;1_2&#8243; _builder_version=&#8221;4.16&#8243; custom_padding=&#8221;|||&#8221; global_colors_info=&#8221;{}&#8221; custom_padding__hover=&#8221;|||&#8221;][et_pb_text disabled_on=&#8221;on|off|off&#8221; _builder_version=&#8221;4.16&#8243; text_font=&#8221;||||||||&#8221; text_font_size=&#8221;12&#8243; header_font=&#8221;||||||||&#8221; header_2_font=&#8221;||||||||&#8221; header_3_font=&#8221;||||||||&#8221; header_4_font=&#8221;||||||||&#8221; header_4_font_size=&#8221;16px&#8221; background_size=&#8221;initial&#8221; background_position=&#8221;top_left&#8221; background_repeat=&#8221;repeat&#8221; background_layout=&#8221;dark&#8221; text_font_size_tablet=&#8221;&#8221; text_font_size_phone=&#8221;14px&#8221; text_font_size_last_edited=&#8221;on|phone&#8221; header_font_size_tablet=&#8221;&#8221; header_font_size_phone=&#8221;30px&#8221; header_font_size_last_edited=&#8221;on|phone&#8221; border_style=&#8221;solid&#8221; global_colors_info=&#8221;{}&#8221;]<\/p>\n<h3><span style=\"color: #ffffff;\"><strong>MEDIA CENTER cube s.r.l.<\/strong><\/span><\/h3>\n<h4><span style=\"color: #ffffff;\">Via\u00a0Renato Prunas 8 \u2013 09126 Cagliari<\/span><\/h4>\n<h5><span style=\"color: #ffffff;\">(+39) <strong>070670593<\/strong><\/span><br \/><span style=\"color: #ffffff;\"> info@mediacentercube.it<\/span><\/h5>\n<h6><span style=\"color: #ffffff;\">postmaster@pec.mediacentercube.it<\/span><\/h6>\n<h4><span style=\"color: #ffffff; font-size: small;\"><small>P.IVA 02197430925<\/small><\/span><\/h4>\n<p>[\/et_pb_text][et_pb_text disabled_on=&#8221;on|off|off&#8221; _builder_version=&#8221;4.16&#8243; text_font=&#8221;|600||||on|||&#8221; text_text_color=&#8221;#000000&#8243; text_font_size=&#8221;18px&#8221; link_font=&#8221;||||||||&#8221; custom_margin=&#8221;-10px||0px|&#8221; custom_padding=&#8221;||0px|&#8221; text_text_shadow_style=&#8221;preset1&#8243; global_colors_info=&#8221;{}&#8221;]<\/p>\n<p style=\"text-align: center;\"><a href=\"https:\/\/www.mediacentercube.it\/index.php\/privacy\/\" target=\"_blank\" rel=\"noopener noreferrer\">Privacy<\/a><\/p>\n<p>[\/et_pb_text][\/et_pb_column][et_pb_column type=&#8221;1_2&#8243; _builder_version=&#8221;4.16&#8243; custom_padding=&#8221;|||&#8221; global_colors_info=&#8221;{}&#8221; custom_padding__hover=&#8221;|||&#8221;][et_pb_text disabled_on=&#8221;off|on|on&#8221; _builder_version=&#8221;4.16&#8243; text_font=&#8221;||||||||&#8221; text_font_size=&#8221;12&#8243; header_font=&#8221;||||||||&#8221; header_2_font=&#8221;||||||||&#8221; header_3_font=&#8221;||||||||&#8221; header_4_font=&#8221;||||||||&#8221; header_4_font_size=&#8221;16px&#8221; background_size=&#8221;initial&#8221; background_position=&#8221;top_left&#8221; background_repeat=&#8221;repeat&#8221; background_layout=&#8221;dark&#8221; text_font_size_tablet=&#8221;&#8221; text_font_size_phone=&#8221;14px&#8221; text_font_size_last_edited=&#8221;on|phone&#8221; header_font_size_tablet=&#8221;&#8221; header_font_size_phone=&#8221;30px&#8221; header_font_size_last_edited=&#8221;on|phone&#8221; header_3_font_size_tablet=&#8221;&#8221; header_3_font_size_phone=&#8221;18px&#8221; header_3_font_size_last_edited=&#8221;on|phone&#8221; border_style=&#8221;solid&#8221; global_colors_info=&#8221;{}&#8221;]<\/p>\n<h3><strong>MEDIA CENTER cube s.r.l.<\/strong><\/h3>\n<h4>Via\u00a0Renato Prunas 8<br \/> 09126 Cagliari<\/h4>\n<h5>(+39) <strong>070670593<\/strong><br \/> info@mediacentercube.it<\/h5>\n<h6><span style=\"font-size: small;\">postmaster@pec.mediacentercube.it<\/span><\/h6>\n<h4><small><span style=\"font-size: small;\">P.IVA 02197430925<\/span><\/small><\/h4>\n<p>[\/et_pb_text][et_pb_text disabled_on=&#8221;off|on|on&#8221; _builder_version=&#8221;4.16&#8243; text_font=&#8221;|600||||on|||&#8221; text_text_color=&#8221;#000000&#8243; text_font_size=&#8221;18px&#8221; link_font=&#8221;||||||||&#8221; text_text_shadow_style=&#8221;preset1&#8243; global_colors_info=&#8221;{}&#8221;]<\/p>\n<p style=\"text-align: center;\"><a href=\"https:\/\/www.mediacentercube.it\/index.php\/privacy\/\" target=\"_blank\" rel=\"noopener noreferrer\">Privacy<\/a><\/p>\n<p>[\/et_pb_text][\/et_pb_column][\/et_pb_row][\/et_pb_section]<\/p>\n<!--CusAds0-->\n<div style=\"font-size: 0px; height: 0px; line-height: 0px; margin: 0; padding: 0; clear: both;\"><\/div>","protected":false},"excerpt":{"rendered":"<p>Con il recente avviso 2\/2024 Fondimpresa ha stanziato 10 milioni di euro per la realizzazione di Piani Formativi Aziendali o Interaziendali Condivisi e rivolti ai lavoratori delle PMI aderenti, finalizzati allo sviluppo delle competenze. L\u2019azienda potr\u00e0 procedere all\u2019attivazione del Piano Formativo a partire dal 16 aprile 2024; la presentazione delle domande sar\u00e0 consentita dalle ore [&hellip;]<\/p>\n","protected":false},"author":2,"featured_media":0,"comment_status":"closed","ping_status":"closed","sticky":false,"template":"","format":"standard","meta":{"_et_pb_use_builder":"on","_et_pb_old_content":"","_et_gb_content_width":"","footnotes":""},"categories":[36],"tags":[335,337,336,314],"class_list":["post-226681","post","type-post","status-publish","format-standard","hentry","category-news","tag-finanziamento-a-fondo-perduto","tag-fondimpresa","tag-formazione","tag-pmi"],"_links":{"self":[{"href":"https:\/\/www.mediacentercube.it\/index.php\/wp-json\/wp\/v2\/posts\/226681","targetHints":{"allow":["GET"]}}],"collection":[{"href":"https:\/\/www.mediacentercube.it\/index.php\/wp-json\/wp\/v2\/posts"}],"about":[{"href":"https:\/\/www.mediacentercube.it\/index.php\/wp-json\/wp\/v2\/types\/post"}],"author":[{"embeddable":true,"href":"https:\/\/www.mediacentercube.it\/index.php\/wp-json\/wp\/v2\/users\/2"}],"replies":[{"embeddable":true,"href":"https:\/\/www.mediacentercube.it\/index.php\/wp-json\/wp\/v2\/comments?post=226681"}],"version-history":[{"count":0,"href":"https:\/\/www.mediacentercube.it\/index.php\/wp-json\/wp\/v2\/posts\/226681\/revisions"}],"wp:attachment":[{"href":"https:\/\/www.mediacentercube.it\/index.php\/wp-json\/wp\/v2\/media?parent=226681"}],"wp:term":[{"taxonomy":"category","embeddable":true,"href":"https:\/\/www.mediacentercube.it\/index.php\/wp-json\/wp\/v2\/categories?post=226681"},{"taxonomy":"post_tag","embeddable":true,"href":"https:\/\/www.mediacentercube.it\/index.php\/wp-json\/wp\/v2\/tags?post=226681"}],"curies":[{"name":"wp","href":"https:\/\/api.w.org\/{rel}","templated":true}]}}